{"id":1267,"date":"2026-04-21T20:31:23","date_gmt":"2026-04-21T18:31:23","guid":{"rendered":"https:\/\/fcuchtelfangen.de\/wordpress\/?p=1267"},"modified":"2026-04-21T20:33:05","modified_gmt":"2026-04-21T18:33:05","slug":"danke-timo","status":"publish","type":"post","link":"https:\/\/fcuchtelfangen.de\/wordpress\/danke-timo\/","title":{"rendered":"Danke Timo!"},"content":{"rendered":"\n<figure class=\"wp-block-image size-full\"><img loading=\"lazy\" decoding=\"async\" width=\"940\" height=\"635\" src=\"https:\/\/fcuchtelfangen.de\/wordpress\/wp-content\/uploads\/2026\/04\/WhatsApp-Image-2026-04-15-at-07.57.00.jpeg\" alt=\"\" class=\"wp-image-1268\" srcset=\"https:\/\/fcuchtelfangen.de\/wordpress\/wp-content\/uploads\/2026\/04\/WhatsApp-Image-2026-04-15-at-07.57.00.jpeg 940w, https:\/\/fcuchtelfangen.de\/wordpress\/wp-content\/uploads\/2026\/04\/WhatsApp-Image-2026-04-15-at-07.57.00-300x203.jpeg 300w, https:\/\/fcuchtelfangen.de\/wordpress\/wp-content\/uploads\/2026\/04\/WhatsApp-Image-2026-04-15-at-07.57.00-768x519.jpeg 768w\" sizes=\"auto, (max-width: 940px) 100vw, 940px\" \/><\/figure>\n\n\n\n<p>Danke Timo!<br>Mit gro\u00dfer Best\u00fcrzung haben wir erfahren, dass unser langj\u00e4hriges Vereinsmitglied Timo Huwer am Samstag, den 11.04.2026, nach schwerer Krankheit im Alter von 53 Jahren verstorben ist.<br>Der FC Uchtelfangen verliert mit Timo einen gro\u00dfartigen Menschen, dem das Wohl des Vereins immer am Herzen lag. Wir sind Timo zu gro\u00dfem Dank verpflichtet und werden sein Andenken stets in Ehren halten.<br>Unser herzliches Beileid und Mitgef\u00fchl geh\u00f6rt der Familie und den Angeh\u00f6rigen. In den Stunden des Abschiednehmens sind unsere Gedanken bei euch.<\/p>\n\n\n\n<p>Dein FCU\ud83e\udd0d<\/p>\n\n\n\n<p>Bildquelle: Globus Baumarkt<\/p>\n","protected":false},"excerpt":{"rendered":"<p>Danke Timo!Mit gro\u00dfer Best\u00fcrzung haben wir erfahren, dass unser langj\u00e4hriges Vereinsmitglied Timo Huwer am Samstag, den 11.04.2026, nach schwerer Krankheit im Alter von 53 Jahren verstorben ist.Der FC Uchtelfangen verliert mit Timo einen gro\u00dfartigen Menschen, dem das Wohl des Vereins immer am Herzen lag. Wir sind Timo zu gro\u00dfem Dank verpflichtet und werden sein Andenken [&hellip;]<\/p>\n","protected":false},"author":4,"featured_media":1268,"comment_status":"closed","ping_status":"open","sticky":false,"template":"","format":"standard","meta":{"footnotes":""},"categories":[1],"tags":[],"class_list":["post-1267","post","type-post","status-publish","format-standard","has-post-thumbnail","hentry","category-allgemein"],"_links":{"self":[{"href":"https:\/\/fcuchtelfangen.de\/wordpress\/wp-json\/wp\/v2\/posts\/1267","targetHints":{"allow":["GET"]}}],"collection":[{"href":"https:\/\/fcuchtelfangen.de\/wordpress\/wp-json\/wp\/v2\/posts"}],"about":[{"href":"https:\/\/fcuchtelfangen.de\/wordpress\/wp-json\/wp\/v2\/types\/post"}],"author":[{"embeddable":true,"href":"https:\/\/fcuchtelfangen.de\/wordpress\/wp-json\/wp\/v2\/users\/4"}],"replies":[{"embeddable":true,"href":"https:\/\/fcuchtelfangen.de\/wordpress\/wp-json\/wp\/v2\/comments?post=1267"}],"version-history":[{"count":1,"href":"https:\/\/fcuchtelfangen.de\/wordpress\/wp-json\/wp\/v2\/posts\/1267\/revisions"}],"predecessor-version":[{"id":1269,"href":"https:\/\/fcuchtelfangen.de\/wordpress\/wp-json\/wp\/v2\/posts\/1267\/revisions\/1269"}],"wp:featuredmedia":[{"embeddable":true,"href":"https:\/\/fcuchtelfangen.de\/wordpress\/wp-json\/wp\/v2\/media\/1268"}],"wp:attachment":[{"href":"https:\/\/fcuchtelfangen.de\/wordpress\/wp-json\/wp\/v2\/media?parent=1267"}],"wp:term":[{"taxonomy":"category","embeddable":true,"href":"https:\/\/fcuchtelfangen.de\/wordpress\/wp-json\/wp\/v2\/categories?post=1267"},{"taxonomy":"post_tag","embeddable":true,"href":"https:\/\/fcuchtelfangen.de\/wordpress\/wp-json\/wp\/v2\/tags?post=1267"}],"curies":[{"name":"wp","href":"https:\/\/api.w.org\/{rel}","templated":true}]}}