{"id":168,"date":"2024-03-10T11:08:58","date_gmt":"2024-03-10T10:08:58","guid":{"rendered":"http:\/\/fc-u.de\/wordpress\/?p=168"},"modified":"2024-03-12T18:25:28","modified_gmt":"2024-03-12T17:25:28","slug":"neue-website","status":"publish","type":"post","link":"https:\/\/fcuchtelfangen.de\/wordpress\/neue-website\/","title":{"rendered":"Aktive"},"content":{"rendered":"\n<p class=\"has-secondary-text-color-color has-text-color has-link-color wp-elements-2838e9619d85252db25e02df63aa48a9\">FCU verpflichtet Jostock!<\/p>\n\n\n\n<p class=\"has-secondary-text-color-color has-text-color has-link-color wp-elements-956c768afc8a7cab9cb58ce512d11f74\" style=\"text-transform:none\">Wir sind sehr froh und stolz, den ersten Neuzugang f\u00fcr die kommende Saison verk\u00fcnden zu d\u00fcrfen und dies ist direkt ein echter Hochkar\u00e4ter! David Jostock wird sich ab Sommer unseren Farben anschlie\u00dfen und die Mannschaft in der Defensive verst\u00e4rken. Zudem wird er das Amt des spielenden Co-Trainers begleiten und zusammen mit Sascha Heintz die Geschicke beim FCU leiten.&nbsp;<br>Somit folgt Jostock auf Michael Bohlen, der die T\u00e4tigkeit in den vergangen zwei Jahren ausf\u00fchrte. Bohlen wird sich mehr auf seine Trainert\u00e4tigkeit in der Jugend beim 1. FC Kaiserslautern konzentrieren und seine Doppelrolle aufgeben, dem Verein jedoch als Spielausschuss erhalten bleiben.<br>Der 27-j\u00e4hrige Jostock kommt vom Saarlandligisten Preu\u00dfen Merchweiler und kann der jungen Mannschaft sicherlich mit seiner langj\u00e4hrigen Erfahrung aus Verbands- und Saarlandliga sofort weiterhelfen. Zudem konnte er schon in der Jugend bei Hertha Wiesbach seine ersten Schritte als Trainer verbuchen.<\/p>\n\n\n\n<p class=\"has-secondary-text-color-color has-text-color has-link-color wp-elements-50cb0a80d51b335dda3e3c72fcd9b49f\">Lieber David, der FCU hei\u00dft dich herzlich Willkommen und freut sich auf eine sch\u00f6ne Zeit<\/p>\n","protected":false},"excerpt":{"rendered":"<p>FCU verpflichtet Jostock! Wir sind sehr froh und stolz, den ersten Neuzugang f\u00fcr die kommende Saison verk\u00fcnden zu d\u00fcrfen und dies ist direkt ein echter Hochkar\u00e4ter! David Jostock wird sich ab Sommer unseren Farben anschlie\u00dfen und die Mannschaft in der Defensive verst\u00e4rken. Zudem wird er das Amt des spielenden Co-Trainers begleiten und zusammen mit Sascha [&hellip;]<\/p>\n","protected":false},"author":1,"featured_media":171,"comment_status":"closed","ping_status":"open","sticky":false,"template":"","format":"standard","meta":{"footnotes":""},"categories":[9,1],"tags":[],"class_list":["post-168","post","type-post","status-publish","format-standard","has-post-thumbnail","hentry","category-aktive","category-allgemein"],"_links":{"self":[{"href":"https:\/\/fcuchtelfangen.de\/wordpress\/wp-json\/wp\/v2\/posts\/168","targetHints":{"allow":["GET"]}}],"collection":[{"href":"https:\/\/fcuchtelfangen.de\/wordpress\/wp-json\/wp\/v2\/posts"}],"about":[{"href":"https:\/\/fcuchtelfangen.de\/wordpress\/wp-json\/wp\/v2\/types\/post"}],"author":[{"embeddable":true,"href":"https:\/\/fcuchtelfangen.de\/wordpress\/wp-json\/wp\/v2\/users\/1"}],"replies":[{"embeddable":true,"href":"https:\/\/fcuchtelfangen.de\/wordpress\/wp-json\/wp\/v2\/comments?post=168"}],"version-history":[{"count":3,"href":"https:\/\/fcuchtelfangen.de\/wordpress\/wp-json\/wp\/v2\/posts\/168\/revisions"}],"predecessor-version":[{"id":173,"href":"https:\/\/fcuchtelfangen.de\/wordpress\/wp-json\/wp\/v2\/posts\/168\/revisions\/173"}],"wp:featuredmedia":[{"embeddable":true,"href":"https:\/\/fcuchtelfangen.de\/wordpress\/wp-json\/wp\/v2\/media\/171"}],"wp:attachment":[{"href":"https:\/\/fcuchtelfangen.de\/wordpress\/wp-json\/wp\/v2\/media?parent=168"}],"wp:term":[{"taxonomy":"category","embeddable":true,"href":"https:\/\/fcuchtelfangen.de\/wordpress\/wp-json\/wp\/v2\/categories?post=168"},{"taxonomy":"post_tag","embeddable":true,"href":"https:\/\/fcuchtelfangen.de\/wordpress\/wp-json\/wp\/v2\/tags?post=168"}],"curies":[{"name":"wp","href":"https:\/\/api.w.org\/{rel}","templated":true}]}}